{"id":883,"date":"2017-06-29T18:46:16","date_gmt":"2017-06-29T18:46:16","guid":{"rendered":"http:\/\/kalorienbalance.leichterwandern.de\/?p=883"},"modified":"2017-06-29T18:52:33","modified_gmt":"2017-06-29T18:52:33","slug":"island-blaue-lichter","status":"publish","type":"post","link":"https:\/\/leichterwandern.de\/?p=883","title":{"rendered":"Island  | Blaue Lichter"},"content":{"rendered":"<h3>Blaue Lichter<\/h3>\n<p>&nbsp;<\/p>\n<p><img decoding=\"async\" loading=\"lazy\" class=\"alignnone size-full wp-image-887\" src=\"http:\/\/kalorienbalance.leichterwandern.de\/wp-content\/uploads\/2017\/06\/IMG_2841_bestflocke.jpg\" alt=\"IMG_2841_best+flocke\" width=\"2592\" height=\"1944\" srcset=\"https:\/\/leichterwandern.de\/wp-content\/uploads\/2017\/06\/IMG_2841_bestflocke.jpg 2592w, https:\/\/leichterwandern.de\/wp-content\/uploads\/2017\/06\/IMG_2841_bestflocke-300x225.jpg 300w, https:\/\/leichterwandern.de\/wp-content\/uploads\/2017\/06\/IMG_2841_bestflocke-768x576.jpg 768w, https:\/\/leichterwandern.de\/wp-content\/uploads\/2017\/06\/IMG_2841_bestflocke-1024x768.jpg 1024w, https:\/\/leichterwandern.de\/wp-content\/uploads\/2017\/06\/IMG_2841_bestflocke-676x507.jpg 676w\" sizes=\"(max-width: 2592px) 100vw, 2592px\" \/><\/p>\n<p>&nbsp;<\/p>\n<h5>Inspiriert durch die Landschaft ist dieses Jahr auch meine Geschichte \u00fcber die blauen Lichter entstanden. Als Material dienten Fotos, die ich zus\u00e4tzlich illustriert habe. Hier werdet Ihr Azzuro, Bl\u00e1r, Enziane und Cyan kennenlernen. Viel Spa\u00df dabei!<\/h5>\n<p><a href=\"http:\/\/kalorienbalance.leichterwandern.de\/wp-content\/uploads\/2017\/06\/Blaue-Lichter\u00a9U.Odenkirchen.pdf\">Blaue Lichter\u00a9U.Odenkirchen<\/a><\/p>\n","protected":false},"excerpt":{"rendered":"<p>Blaue Lichter &nbsp; &nbsp; Inspiriert durch die Landschaft ist dieses Jahr auch meine Geschichte \u00fcber die blauen Lichter entstanden. Als Material dienten Fotos, die ich zus\u00e4tzlich illustriert habe. Hier werdet Ihr Azzuro, Bl\u00e1r, Enziane und Cyan kennenlernen. Viel Spa\u00df dabei! Blaue Lichter\u00a9U.Odenkirchen<\/p>\n","protected":false},"author":2,"featured_media":0,"comment_status":"closed","ping_status":"open","sticky":false,"template":"","format":"standard","meta":[],"categories":[6],"tags":[],"_links":{"self":[{"href":"https:\/\/leichterwandern.de\/index.php?rest_route=\/wp\/v2\/posts\/883"}],"collection":[{"href":"https:\/\/leichterwandern.de\/index.php?rest_route=\/wp\/v2\/posts"}],"about":[{"href":"https:\/\/leichterwandern.de\/index.php?rest_route=\/wp\/v2\/types\/post"}],"author":[{"embeddable":true,"href":"https:\/\/leichterwandern.de\/index.php?rest_route=\/wp\/v2\/users\/2"}],"replies":[{"embeddable":true,"href":"https:\/\/leichterwandern.de\/index.php?rest_route=%2Fwp%2Fv2%2Fcomments&post=883"}],"version-history":[{"count":4,"href":"https:\/\/leichterwandern.de\/index.php?rest_route=\/wp\/v2\/posts\/883\/revisions"}],"predecessor-version":[{"id":891,"href":"https:\/\/leichterwandern.de\/index.php?rest_route=\/wp\/v2\/posts\/883\/revisions\/891"}],"wp:attachment":[{"href":"https:\/\/leichterwandern.de\/index.php?rest_route=%2Fwp%2Fv2%2Fmedia&parent=883"}],"wp:term":[{"taxonomy":"category","embeddable":true,"href":"https:\/\/leichterwandern.de\/index.php?rest_route=%2Fwp%2Fv2%2Fcategories&post=883"},{"taxonomy":"post_tag","embeddable":true,"href":"https:\/\/leichterwandern.de\/index.php?rest_route=%2Fwp%2Fv2%2Ftags&post=883"}],"curies":[{"name":"wp","href":"https:\/\/api.w.org\/{rel}","templated":true}]}}