{"id":630,"date":"2016-07-29T05:22:13","date_gmt":"2016-07-29T05:22:13","guid":{"rendered":"http:\/\/kalorienbalance.leichterwandern.de\/?p=630"},"modified":"2017-04-26T09:10:27","modified_gmt":"2017-04-26T09:10:27","slug":"tag-14-von-valfabbrica-nach-assisi","status":"publish","type":"post","link":"https:\/\/leichterwandern.de\/?p=630","title":{"rendered":"Tag 14| Von Valfabbrica nach Assisi|unser Ziel vor Augen"},"content":{"rendered":"<p>Am langen Fr\u00fchst\u00fcckstisch im Pilgerostello herrscht freudige Erwartung, heute die letzten Kilometer nach Assisi. Die Sonne lacht und niemand beschwert sich mehr beim Schuhe anziehen oder Rucksack aufladen, es ist das letzte Mal. Wir ziehen auch los, aus dem D\u00f6rfchen in den Wald.<\/p>\n<p><img decoding=\"async\" loading=\"lazy\" class=\"alignnone size-full wp-image-641\" src=\"http:\/\/kalorienbalance.leichterwandern.de\/wp-content\/uploads\/2016\/07\/image-184-e1469942468545.jpeg\" alt=\"image\" width=\"1536\" height=\"2048\" srcset=\"https:\/\/leichterwandern.de\/wp-content\/uploads\/2016\/07\/image-184-e1469942468545.jpeg 1536w, https:\/\/leichterwandern.de\/wp-content\/uploads\/2016\/07\/image-184-e1469942468545-225x300.jpeg 225w, https:\/\/leichterwandern.de\/wp-content\/uploads\/2016\/07\/image-184-e1469942468545-768x1024.jpeg 768w, https:\/\/leichterwandern.de\/wp-content\/uploads\/2016\/07\/image-184-e1469942468545-676x901.jpeg 676w\" sizes=\"(max-width: 1536px) 100vw, 1536px\" \/><img decoding=\"async\" loading=\"lazy\" class=\"alignnone size-full wp-image-642\" src=\"http:\/\/kalorienbalance.leichterwandern.de\/wp-content\/uploads\/2016\/07\/image-185.jpeg\" alt=\"image\" width=\"2048\" height=\"1536\" srcset=\"https:\/\/leichterwandern.de\/wp-content\/uploads\/2016\/07\/image-185.jpeg 2048w, https:\/\/leichterwandern.de\/wp-content\/uploads\/2016\/07\/image-185-300x225.jpeg 300w, https:\/\/leichterwandern.de\/wp-content\/uploads\/2016\/07\/image-185-768x576.jpeg 768w, https:\/\/leichterwandern.de\/wp-content\/uploads\/2016\/07\/image-185-1024x768.jpeg 1024w, https:\/\/leichterwandern.de\/wp-content\/uploads\/2016\/07\/image-185-676x507.jpeg 676w\" sizes=\"(max-width: 2048px) 100vw, 2048px\" \/><img decoding=\"async\" loading=\"lazy\" class=\"alignnone size-full wp-image-643\" src=\"http:\/\/kalorienbalance.leichterwandern.de\/wp-content\/uploads\/2016\/07\/image-186.jpeg\" alt=\"image\" width=\"2048\" height=\"1536\" srcset=\"https:\/\/leichterwandern.de\/wp-content\/uploads\/2016\/07\/image-186.jpeg 2048w, https:\/\/leichterwandern.de\/wp-content\/uploads\/2016\/07\/image-186-300x225.jpeg 300w, https:\/\/leichterwandern.de\/wp-content\/uploads\/2016\/07\/image-186-768x576.jpeg 768w, https:\/\/leichterwandern.de\/wp-content\/uploads\/2016\/07\/image-186-1024x768.jpeg 1024w, https:\/\/leichterwandern.de\/wp-content\/uploads\/2016\/07\/image-186-676x507.jpeg 676w\" sizes=\"(max-width: 2048px) 100vw, 2048px\" \/><\/p>\n<p>Der Wanderpfad ist wundervoll, k\u00fchl an einem Bach, mit tollem Schilf und sehr viel Ackerschachtelhalm. \u00a0Die Luftfeuchtigkeit ist sehr hoch, wir beide schwitzen wie noch nie. \u00a0Die Schweine am Wegesrandes weichen auch nicht von ihrer Wasserstelle und suhlen sich, die wissen warum.<\/p>\n<p><img decoding=\"async\" loading=\"lazy\" class=\"alignnone size-full wp-image-644\" src=\"http:\/\/kalorienbalance.leichterwandern.de\/wp-content\/uploads\/2016\/07\/image-187.jpeg\" alt=\"image\" width=\"2048\" height=\"1536\" srcset=\"https:\/\/leichterwandern.de\/wp-content\/uploads\/2016\/07\/image-187.jpeg 2048w, https:\/\/leichterwandern.de\/wp-content\/uploads\/2016\/07\/image-187-300x225.jpeg 300w, https:\/\/leichterwandern.de\/wp-content\/uploads\/2016\/07\/image-187-768x576.jpeg 768w, https:\/\/leichterwandern.de\/wp-content\/uploads\/2016\/07\/image-187-1024x768.jpeg 1024w, https:\/\/leichterwandern.de\/wp-content\/uploads\/2016\/07\/image-187-676x507.jpeg 676w\" sizes=\"(max-width: 2048px) 100vw, 2048px\" \/><\/p>\n<p>Dann \u00a0geht es wieder steil bergauf, aber wir murren nicht, bald sind wir da. Oben sind wir gl\u00fccklich und genie\u00dfen die Ausicht und die vielen Blumen. \u00a0Auf der anderen Seite erscheint bald der Umriss von Assisi, wir wollen nun schnell dahin, aber trotzdem zieht \u00a0sich der Weg noch \u00fcber eine Stunde, die letzte Pr\u00fcfung hoffen wir.<\/p>\n<p><img decoding=\"async\" loading=\"lazy\" class=\"alignnone size-full wp-image-645\" src=\"http:\/\/kalorienbalance.leichterwandern.de\/wp-content\/uploads\/2016\/07\/image-188-e1469942451858.jpeg\" alt=\"image\" width=\"1536\" height=\"2048\" srcset=\"https:\/\/leichterwandern.de\/wp-content\/uploads\/2016\/07\/image-188-e1469942451858.jpeg 1536w, https:\/\/leichterwandern.de\/wp-content\/uploads\/2016\/07\/image-188-e1469942451858-225x300.jpeg 225w, https:\/\/leichterwandern.de\/wp-content\/uploads\/2016\/07\/image-188-e1469942451858-768x1024.jpeg 768w, https:\/\/leichterwandern.de\/wp-content\/uploads\/2016\/07\/image-188-e1469942451858-676x901.jpeg 676w\" sizes=\"(max-width: 1536px) 100vw, 1536px\" \/><\/p>\n<p><img decoding=\"async\" loading=\"lazy\" class=\"alignnone size-full wp-image-646\" src=\"http:\/\/kalorienbalance.leichterwandern.de\/wp-content\/uploads\/2016\/07\/image-189.jpeg\" alt=\"image\" width=\"2048\" height=\"1536\" srcset=\"https:\/\/leichterwandern.de\/wp-content\/uploads\/2016\/07\/image-189.jpeg 2048w, https:\/\/leichterwandern.de\/wp-content\/uploads\/2016\/07\/image-189-300x225.jpeg 300w, https:\/\/leichterwandern.de\/wp-content\/uploads\/2016\/07\/image-189-768x576.jpeg 768w, https:\/\/leichterwandern.de\/wp-content\/uploads\/2016\/07\/image-189-1024x768.jpeg 1024w, https:\/\/leichterwandern.de\/wp-content\/uploads\/2016\/07\/image-189-676x507.jpeg 676w\" sizes=\"(max-width: 2048px) 100vw, 2048px\" \/><img decoding=\"async\" loading=\"lazy\" class=\"alignnone size-full wp-image-648\" src=\"http:\/\/kalorienbalance.leichterwandern.de\/wp-content\/uploads\/2016\/07\/image-191.jpeg\" alt=\"image\" width=\"2048\" height=\"1536\" srcset=\"https:\/\/leichterwandern.de\/wp-content\/uploads\/2016\/07\/image-191.jpeg 2048w, https:\/\/leichterwandern.de\/wp-content\/uploads\/2016\/07\/image-191-300x225.jpeg 300w, https:\/\/leichterwandern.de\/wp-content\/uploads\/2016\/07\/image-191-768x576.jpeg 768w, https:\/\/leichterwandern.de\/wp-content\/uploads\/2016\/07\/image-191-1024x768.jpeg 1024w, https:\/\/leichterwandern.de\/wp-content\/uploads\/2016\/07\/image-191-676x507.jpeg 676w\" sizes=\"(max-width: 2048px) 100vw, 2048px\" \/><\/p>\n<p><img decoding=\"async\" loading=\"lazy\" class=\"alignnone size-full wp-image-650\" src=\"http:\/\/kalorienbalance.leichterwandern.de\/wp-content\/uploads\/2016\/07\/image-193.jpeg\" alt=\"image\" width=\"2048\" height=\"1536\" srcset=\"https:\/\/leichterwandern.de\/wp-content\/uploads\/2016\/07\/image-193.jpeg 2048w, https:\/\/leichterwandern.de\/wp-content\/uploads\/2016\/07\/image-193-300x225.jpeg 300w, https:\/\/leichterwandern.de\/wp-content\/uploads\/2016\/07\/image-193-768x576.jpeg 768w, https:\/\/leichterwandern.de\/wp-content\/uploads\/2016\/07\/image-193-1024x768.jpeg 1024w, https:\/\/leichterwandern.de\/wp-content\/uploads\/2016\/07\/image-193-676x507.jpeg 676w\" sizes=\"(max-width: 2048px) 100vw, 2048px\" \/><\/p>\n<p>Am Ende des Weges am Denkmal des Padre Piu kommen wir unterhalb der ber\u00fchmten Basilika von Assisi heraus, die Via Francigena Di Francesco f\u00fchrt \u00fcber den bewaldeten H\u00fcgel hinauf zu Basilika, (das machen wir morgen ohne Gep\u00e4ck!) wir biegen ab, wir wollen zum Campingplatz. In der hei\u00dfen Mittagssonne auf der starkbefahrenen Stra\u00dfe noch 2 km aus der Stadt, wir fluchen&#8230;.aber dann sind wir da und die Bar hat auch ge\u00f6ffnet.<\/p>\n<p>Wir genie\u00dfen den Blick zur\u00fcck auf die Stadt, ganz anders als alle St\u00e4dte bislang in beigen \u00a0Stein. Ein tolles Bild!<\/p>\n<p><img decoding=\"async\" loading=\"lazy\" class=\"alignnone size-full wp-image-651\" src=\"http:\/\/kalorienbalance.leichterwandern.de\/wp-content\/uploads\/2016\/07\/image-194.jpeg\" alt=\"image\" width=\"2048\" height=\"1536\" srcset=\"https:\/\/leichterwandern.de\/wp-content\/uploads\/2016\/07\/image-194.jpeg 2048w, https:\/\/leichterwandern.de\/wp-content\/uploads\/2016\/07\/image-194-300x225.jpeg 300w, https:\/\/leichterwandern.de\/wp-content\/uploads\/2016\/07\/image-194-768x576.jpeg 768w, https:\/\/leichterwandern.de\/wp-content\/uploads\/2016\/07\/image-194-1024x768.jpeg 1024w, https:\/\/leichterwandern.de\/wp-content\/uploads\/2016\/07\/image-194-676x507.jpeg 676w\" sizes=\"(max-width: 2048px) 100vw, 2048px\" \/><\/p>\n<p>Keinen Meter laufen wir mehr, da sind wir uns einig, der Nachmittag geh\u00f6rt der Regeneration im Schwimmbad oder im Schatten unter einem Pinienbaum. Wir sind ruhig und m\u00fcde, es ist Zeit zur Besinnung: Wir haben das geschafft: 195 km, \u00fcber 300.000 Schritte mit schweren Rucks\u00e4cken, mit \u00a0vielen H\u00f6henmetern, oft in der Sonne auf schwerem Untergrund. \u00a0Wir sind richtig stolz!<\/p>\n<p>Ute und Ulli<\/p>\n","protected":false},"excerpt":{"rendered":"<p>Am langen Fr\u00fchst\u00fcckstisch im Pilgerostello herrscht freudige Erwartung, heute die letzten Kilometer nach Assisi. Die Sonne lacht und niemand beschwert sich mehr beim Schuhe anziehen oder Rucksack aufladen, es ist das letzte Mal. Wir ziehen auch los, aus dem D\u00f6rfchen in den Wald. Der Wanderpfad ist wundervoll, k\u00fchl an einem Bach, mit tollem Schilf und [&hellip;]<\/p>\n","protected":false},"author":2,"featured_media":651,"comment_status":"closed","ping_status":"open","sticky":false,"template":"","format":"standard","meta":[],"categories":[6],"tags":[10],"_links":{"self":[{"href":"https:\/\/leichterwandern.de\/index.php?rest_route=\/wp\/v2\/posts\/630"}],"collection":[{"href":"https:\/\/leichterwandern.de\/index.php?rest_route=\/wp\/v2\/posts"}],"about":[{"href":"https:\/\/leichterwandern.de\/index.php?rest_route=\/wp\/v2\/types\/post"}],"author":[{"embeddable":true,"href":"https:\/\/leichterwandern.de\/index.php?rest_route=\/wp\/v2\/users\/2"}],"replies":[{"embeddable":true,"href":"https:\/\/leichterwandern.de\/index.php?rest_route=%2Fwp%2Fv2%2Fcomments&post=630"}],"version-history":[{"count":10,"href":"https:\/\/leichterwandern.de\/index.php?rest_route=\/wp\/v2\/posts\/630\/revisions"}],"predecessor-version":[{"id":769,"href":"https:\/\/leichterwandern.de\/index.php?rest_route=\/wp\/v2\/posts\/630\/revisions\/769"}],"wp:featuredmedia":[{"embeddable":true,"href":"https:\/\/leichterwandern.de\/index.php?rest_route=\/wp\/v2\/media\/651"}],"wp:attachment":[{"href":"https:\/\/leichterwandern.de\/index.php?rest_route=%2Fwp%2Fv2%2Fmedia&parent=630"}],"wp:term":[{"taxonomy":"category","embeddable":true,"href":"https:\/\/leichterwandern.de\/index.php?rest_route=%2Fwp%2Fv2%2Fcategories&post=630"},{"taxonomy":"post_tag","embeddable":true,"href":"https:\/\/leichterwandern.de\/index.php?rest_route=%2Fwp%2Fv2%2Ftags&post=630"}],"curies":[{"name":"wp","href":"https:\/\/api.w.org\/{rel}","templated":true}]}}