{"id":282,"date":"2016-07-11T13:15:47","date_gmt":"2016-07-11T13:15:47","guid":{"rendered":"http:\/\/kalorienbalance.leichterwandern.de\/?p=282"},"modified":"2019-07-25T09:53:24","modified_gmt":"2019-07-25T09:53:24","slug":"sommerfrische-wie-die-roemer","status":"publish","type":"post","link":"https:\/\/leichterwandern.de\/?p=282","title":{"rendered":"Gran Sasso|Sommerfrische wie die R\u00f6mer"},"content":{"rendered":"<p><img decoding=\"async\" loading=\"lazy\" class=\"alignnone size-full wp-image-286\" src=\"http:\/\/kalorienbalance.leichterwandern.de\/wp-content\/uploads\/2016\/07\/image-6.jpeg\" alt=\"image\" width=\"2048\" height=\"1536\" srcset=\"https:\/\/leichterwandern.de\/wp-content\/uploads\/2016\/07\/image-6.jpeg 2048w, https:\/\/leichterwandern.de\/wp-content\/uploads\/2016\/07\/image-6-300x225.jpeg 300w, https:\/\/leichterwandern.de\/wp-content\/uploads\/2016\/07\/image-6-768x576.jpeg 768w, https:\/\/leichterwandern.de\/wp-content\/uploads\/2016\/07\/image-6-1024x768.jpeg 1024w, https:\/\/leichterwandern.de\/wp-content\/uploads\/2016\/07\/image-6-676x507.jpeg 676w\" sizes=\"(max-width: 2048px) 100vw, 2048px\" \/>Abrruzzen: Gran Sasso:\u00a0Die hitzegeplagten und gestressten R\u00f6mer fl\u00fcchten \u00fcber das Wochenende gerne in die Abruzzen. Als meine F\u00fc\u00dfe im eiskalten Wasser der Quelle des Flusses Pescara eintauchten, da konnte ich das besonders gut verstehen. Ein herrlicher Wind entsteht durch die Thermik, (eiskaltes Wasser dr\u00fcckt aus der Erde, die Luft hat mindestens 26 Grad) so l\u00e4sst es sich gut aushalten.<\/p>\n<p>Die beeindruckende Landschaft der Abruzzen ist immer noch ein wenig von Touristen besuchter Landstrich. Auf der einen Seite findet man das adriatische Meer mit tollen Sandstr\u00e4nden, auf der anderen Seite Berge\u00a0bis \u00fcber 2900 m \u00fc. Meeresspiegel. In den Naturparks der Abruzzen wird geradelt und gewandert \u00fcber \u00a0Stock und Stein, aber trotzdem ist alles sehr gelassen und urspr\u00fcnglich.<\/p>\n<p><img decoding=\"async\" loading=\"lazy\" class=\"alignnone size-full wp-image-284\" src=\"http:\/\/kalorienbalance.leichterwandern.de\/wp-content\/uploads\/2016\/07\/image-4.jpeg\" alt=\"image\" width=\"1536\" height=\"2048\" srcset=\"https:\/\/leichterwandern.de\/wp-content\/uploads\/2016\/07\/image-4.jpeg 1536w, https:\/\/leichterwandern.de\/wp-content\/uploads\/2016\/07\/image-4-225x300.jpeg 225w, https:\/\/leichterwandern.de\/wp-content\/uploads\/2016\/07\/image-4-768x1024.jpeg 768w, https:\/\/leichterwandern.de\/wp-content\/uploads\/2016\/07\/image-4-676x901.jpeg 676w\" sizes=\"(max-width: 1536px) 100vw, 1536px\" \/><\/p>\n","protected":false},"excerpt":{"rendered":"<p>Abrruzzen: Gran Sasso:\u00a0Die hitzegeplagten und gestressten R\u00f6mer fl\u00fcchten \u00fcber das Wochenende gerne in die Abruzzen. Als meine F\u00fc\u00dfe im eiskalten Wasser der Quelle des Flusses Pescara eintauchten, da konnte ich das besonders gut verstehen. Ein herrlicher Wind entsteht durch die Thermik, (eiskaltes Wasser dr\u00fcckt aus der Erde, die Luft hat mindestens 26 Grad) so l\u00e4sst [&hellip;]<\/p>\n","protected":false},"author":2,"featured_media":283,"comment_status":"closed","ping_status":"open","sticky":false,"template":"","format":"standard","meta":[],"categories":[6],"tags":[10],"_links":{"self":[{"href":"https:\/\/leichterwandern.de\/index.php?rest_route=\/wp\/v2\/posts\/282"}],"collection":[{"href":"https:\/\/leichterwandern.de\/index.php?rest_route=\/wp\/v2\/posts"}],"about":[{"href":"https:\/\/leichterwandern.de\/index.php?rest_route=\/wp\/v2\/types\/post"}],"author":[{"embeddable":true,"href":"https:\/\/leichterwandern.de\/index.php?rest_route=\/wp\/v2\/users\/2"}],"replies":[{"embeddable":true,"href":"https:\/\/leichterwandern.de\/index.php?rest_route=%2Fwp%2Fv2%2Fcomments&post=282"}],"version-history":[{"count":5,"href":"https:\/\/leichterwandern.de\/index.php?rest_route=\/wp\/v2\/posts\/282\/revisions"}],"predecessor-version":[{"id":1159,"href":"https:\/\/leichterwandern.de\/index.php?rest_route=\/wp\/v2\/posts\/282\/revisions\/1159"}],"wp:featuredmedia":[{"embeddable":true,"href":"https:\/\/leichterwandern.de\/index.php?rest_route=\/wp\/v2\/media\/283"}],"wp:attachment":[{"href":"https:\/\/leichterwandern.de\/index.php?rest_route=%2Fwp%2Fv2%2Fmedia&parent=282"}],"wp:term":[{"taxonomy":"category","embeddable":true,"href":"https:\/\/leichterwandern.de\/index.php?rest_route=%2Fwp%2Fv2%2Fcategories&post=282"},{"taxonomy":"post_tag","embeddable":true,"href":"https:\/\/leichterwandern.de\/index.php?rest_route=%2Fwp%2Fv2%2Ftags&post=282"}],"curies":[{"name":"wp","href":"https:\/\/api.w.org\/{rel}","templated":true}]}}