{"id":1101,"date":"2017-08-24T09:53:43","date_gmt":"2017-08-24T09:53:43","guid":{"rendered":"http:\/\/kalorienbalance.leichterwandern.de\/?p=1101"},"modified":"2017-08-24T10:11:05","modified_gmt":"2017-08-24T10:11:05","slug":"tag-7-6-etappe-fimmvoerduskali-skogar","status":"publish","type":"post","link":"https:\/\/leichterwandern.de\/?p=1101","title":{"rendered":"Tag 7 | 6. Etappe:  Fimmv\u00f6r\u00f0usk\u00e1li  &#8211; Skogar"},"content":{"rendered":"<p>Letzte Etappe! Einerseits \u00fcbergl\u00fccklich, es geschafft zu haben bin ich traurig, dass es schon vorbei ist.<\/p>\n<p>Diese Wanderung wird immer in meinem Herzen sein. Danke an Stefan und Heike, die wunderbare Wandergrf\u00e4hrten waren.<\/p>\n<p>Und hier ein Filmchen vom letzten Wandertag.<\/p>\n<p>&nbsp;<\/p>\n<div style=\"width: 680px;\" class=\"wp-video\"><!--[if lt IE 9]><script>document.createElement('video');<\/script><![endif]-->\n<video class=\"wp-video-shortcode\" id=\"video-1101-1\" width=\"680\" height=\"385\" preload=\"metadata\" controls=\"controls\"><source type=\"video\/mp4\" src=\"http:\/\/kalorienbalance.leichterwandern.de\/wp-content\/uploads\/2017\/08\/IMG_5096-1.mp4?_=1\" \/><a href=\"http:\/\/kalorienbalance.leichterwandern.de\/wp-content\/uploads\/2017\/08\/IMG_5096-1.mp4\">http:\/\/kalorienbalance.leichterwandern.de\/wp-content\/uploads\/2017\/08\/IMG_5096-1.mp4<\/a><\/video><\/div>\n","protected":false},"excerpt":{"rendered":"<p>Letzte Etappe! Einerseits \u00fcbergl\u00fccklich, es geschafft zu haben bin ich traurig, dass es schon vorbei ist. Diese Wanderung wird immer in meinem Herzen sein. Danke an Stefan und Heike, die wunderbare Wandergrf\u00e4hrten waren. Und hier ein Filmchen vom letzten Wandertag. &nbsp;<\/p>\n","protected":false},"author":2,"featured_media":0,"comment_status":"closed","ping_status":"open","sticky":false,"template":"","format":"video","meta":[],"categories":[6],"tags":[],"_links":{"self":[{"href":"https:\/\/leichterwandern.de\/index.php?rest_route=\/wp\/v2\/posts\/1101"}],"collection":[{"href":"https:\/\/leichterwandern.de\/index.php?rest_route=\/wp\/v2\/posts"}],"about":[{"href":"https:\/\/leichterwandern.de\/index.php?rest_route=\/wp\/v2\/types\/post"}],"author":[{"embeddable":true,"href":"https:\/\/leichterwandern.de\/index.php?rest_route=\/wp\/v2\/users\/2"}],"replies":[{"embeddable":true,"href":"https:\/\/leichterwandern.de\/index.php?rest_route=%2Fwp%2Fv2%2Fcomments&post=1101"}],"version-history":[{"count":3,"href":"https:\/\/leichterwandern.de\/index.php?rest_route=\/wp\/v2\/posts\/1101\/revisions"}],"predecessor-version":[{"id":1107,"href":"https:\/\/leichterwandern.de\/index.php?rest_route=\/wp\/v2\/posts\/1101\/revisions\/1107"}],"wp:attachment":[{"href":"https:\/\/leichterwandern.de\/index.php?rest_route=%2Fwp%2Fv2%2Fmedia&parent=1101"}],"wp:term":[{"taxonomy":"category","embeddable":true,"href":"https:\/\/leichterwandern.de\/index.php?rest_route=%2Fwp%2Fv2%2Fcategories&post=1101"},{"taxonomy":"post_tag","embeddable":true,"href":"https:\/\/leichterwandern.de\/index.php?rest_route=%2Fwp%2Fv2%2Ftags&post=1101"}],"curies":[{"name":"wp","href":"https:\/\/api.w.org\/{rel}","templated":true}]}}